{"id":119,"date":"2004-10-03T20:00:44","date_gmt":"2004-10-03T19:00:44","guid":{"rendered":"http:\/\/blog.oli.li\/?p=119"},"modified":"2010-03-13T22:48:42","modified_gmt":"2010-03-13T21:48:42","slug":"budapest-marathon","status":"publish","type":"post","link":"https:\/\/www.oli.li\/blog\/2004\/10\/03\/budapest-marathon\/","title":{"rendered":"Budapest Marathon"},"content":{"rendered":"<p><img loading=\"lazy\" decoding=\"async\" class=\"alignright size-full wp-image-121\" title=\"budapestmarathon04\" src=\"http:\/\/blog.oli.li\/wp-content\/uploads\/2004\/10\/budapestmarathon04.jpg\" alt=\"\" width=\"150\" height=\"150\" srcset=\"https:\/\/www.oli.li\/blog\/wp-content\/uploads\/2004\/10\/budapestmarathon04.jpg 150w, https:\/\/www.oli.li\/blog\/wp-content\/uploads\/2004\/10\/budapestmarathon04-50x50.jpg 50w\" sizes=\"auto, (max-width: 150px) 100vw, 150px\" \/>Projekt Marathon: An einem sagenumwobenen Bar-and-Pub-Festival anfangs  2004 in B\u00fclach wurde per Handschlag besiegelt, was ein halbes Jahr  sp\u00e4ter in die Tat umgesetzt wurde &#8211; einen Marathon zu laufen!<\/p>\n<p>Zur Projektgruppe geh\u00f6rten Fr\u00e4nzi, Stedi und ich. Sp\u00e4ter gesellte sich  noch Emler dazu. Nach verschiedensten Abkl\u00e4rungen betreffend Daten und  Orte wurde schliesslich der Budapest Marathon vom Sonntag,  3.\u00a0Oktober\u00a02004, gew\u00e4hlt. Wegen einer Knieverletzung musste Emler  kurzfristig Forfait geben, war aber ob einem St\u00e4dtetrip nach Budapest  nicht abgeneigt und blieb uns somit erhalten.<\/p>\n<p>Wir flogen am Samstag nach Ungarn, um gen\u00fcgend Zeit f\u00fcr die  Vorbereitungen zu haben. Am Sonntag galt es dann ernst&#8230;<\/p>\n<p>Bis Kilometer\u00a030 lief es mir wunderbar, ich hielt meinen  5-Minuten-Schnitt pro Kilometer problemlos. Doch danach zollte ich  Tribut f\u00fcr die zu sp\u00e4rlich ausgef\u00fchrten Long Jogs in der Vorbereitung:  Das Leiden begann. Selbstverst\u00e4ndlich biss ich bis zum Schluss durch und  beendete den Marathon in <a href=\"http:\/\/www.budapestmarathon.com\/ger\/marathon\/result\/search.php?start=0&amp;d=bp_maraton&amp;verseny=2004_plus&amp;nev=brack&amp;nem=F&amp;egyesulet=&amp;varos=&amp;orszag=&amp;min_ido=&amp;max_ido=&amp;min_hely=&amp;max_hely=&amp;oldal=50\" target=\"_blank\">3:56:26<\/a>.<\/p>\n<p>Nat\u00fcrlich blieben wir nach dem Marathon noch ein paar Tage, um die  Kulturangebote der Stadt auch vollst\u00e4ndig auskosten zu k\u00f6nnen.<\/p>\n","protected":false},"excerpt":{"rendered":"<p>Projekt Marathon: An einem sagenumwobenen Bar-and-Pub-Festival anfangs 2004 in B\u00fclach wurde per Handschlag besiegelt, was ein halbes Jahr sp\u00e4ter in die Tat umgesetzt wurde &#8211; einen Marathon zu laufen! Zur Projektgruppe geh\u00f6rten Fr\u00e4nzi, Stedi und ich. Sp\u00e4ter gesellte sich noch &hellip; <a href=\"https:\/\/www.oli.li\/blog\/2004\/10\/03\/budapest-marathon\/\">Continue reading <span class=\"meta-nav\">&rarr;<\/span><\/a><\/p>\n","protected":false},"author":1,"featured_media":0,"comment_status":"open","ping_status":"open","sticky":false,"template":"","format":"standard","meta":{"ngg_post_thumbnail":0,"footnotes":""},"categories":[8],"tags":[],"class_list":["post-119","post","type-post","status-publish","format-standard","hentry","category-sport"],"_links":{"self":[{"href":"https:\/\/www.oli.li\/blog\/wp-json\/wp\/v2\/posts\/119","targetHints":{"allow":["GET"]}}],"collection":[{"href":"https:\/\/www.oli.li\/blog\/wp-json\/wp\/v2\/posts"}],"about":[{"href":"https:\/\/www.oli.li\/blog\/wp-json\/wp\/v2\/types\/post"}],"author":[{"embeddable":true,"href":"https:\/\/www.oli.li\/blog\/wp-json\/wp\/v2\/users\/1"}],"replies":[{"embeddable":true,"href":"https:\/\/www.oli.li\/blog\/wp-json\/wp\/v2\/comments?post=119"}],"version-history":[{"count":2,"href":"https:\/\/www.oli.li\/blog\/wp-json\/wp\/v2\/posts\/119\/revisions"}],"predecessor-version":[{"id":122,"href":"https:\/\/www.oli.li\/blog\/wp-json\/wp\/v2\/posts\/119\/revisions\/122"}],"wp:attachment":[{"href":"https:\/\/www.oli.li\/blog\/wp-json\/wp\/v2\/media?parent=119"}],"wp:term":[{"taxonomy":"category","embeddable":true,"href":"https:\/\/www.oli.li\/blog\/wp-json\/wp\/v2\/categories?post=119"},{"taxonomy":"post_tag","embeddable":true,"href":"https:\/\/www.oli.li\/blog\/wp-json\/wp\/v2\/tags?post=119"}],"curies":[{"name":"wp","href":"https:\/\/api.w.org\/{rel}","templated":true}]}}