{"id":706,"date":"2014-04-05T20:03:48","date_gmt":"2014-04-05T19:03:48","guid":{"rendered":"http:\/\/www.oli.li\/blog\/?p=706"},"modified":"2014-04-05T20:03:48","modified_gmt":"2014-04-05T19:03:48","slug":"berliner-halbmarathon-2","status":"publish","type":"post","link":"https:\/\/www.oli.li\/blog\/2014\/04\/05\/berliner-halbmarathon-2\/","title":{"rendered":"Berliner Halbmarathon"},"content":{"rendered":"<p>Bereits vor zwei Jahren nutzte ich den <a title=\"Berliner Halbmarathon\" href=\"http:\/\/www.oli.li\/blog\/2012\/04\/01\/berliner-halbmarathon\/\">Berliner Halbmarathon<\/a> zur Vorbereitung auf einen Fr\u00fchjahrsmarathon. War es dazumal der <a title=\"Z\u00fcrich Marathon\" href=\"http:\/\/www.oli.li\/blog\/2012\/04\/22\/zurich-marathon-5\/\">Z\u00fcrich Marathon<\/a>, so wird es dieses Jahr Ende April derjenige in <a title=\"Belgrade Marathon\" href=\"http:\/\/www.bgdmarathon.org\/mare.htm\" target=\"_blank\">Belgrad<\/a> sein. W\u00e4hrend vor zwei Jahren lediglich Silja und ich den Weg nach Berlin antraten, waren wir heuer eine Gruppe von neun Leuten.<\/p>\n<p>Ich flog am Freitagabend von Belgrad nach Z\u00fcrich, um in aller Fr\u00fch am Samstag zusammen mit Silja nach Berlin weiterzufliegen. Die anderen aus unserer Gruppe waren bereits Donnerstag und Freitag angereist und so trafen wir fast alle beim Morgenessen im Hotel. Als erstes ging es danach zum alten Flugfeld Tempelhof, wo die L\u00e4uferexpo mit Startnummernausgabe stattfand. Aufgrund der verst\u00e4rkten Sicherheitsvorkehrungen (Boston l\u00e4sst gr\u00fcssen), mussten wir uns mit einem amtlichen Ausweis ausweisen und bekamen ein Armband angelegt, das wir erst am n\u00e4chsten Tag im Ziel abnehmen durften.<\/p>\n<p>Nach einem gem\u00fctlichen Stadtbummel und der obligaten Portion Pasta am Abend gingen wir ziemlich zeitig ins Bett &#8211; schliesslich sollte uns die Zeitumstellung noch eine Stunde &#8220;stehlen&#8221;. Ich geh\u00f6rte zur fr\u00fchen Fr\u00fchst\u00fccksschicht und g\u00f6nnte mir einige Kohlenhydrate am Buffet. Danach ein kurzes Einlaufen zum Startgel\u00e4nde und zur\u00fcck, um ein letztes Mal Kraft zu tanken. Durch die starken Sicherheitsvorkehrungen wurde teilweise geraten, bis zu eineinhalb Stunden vor dem Start zum Startgel\u00e4nde zu gehen. Da unser Hotel ziemlich nah lag und wir uns nicht unn\u00f6tig nerv\u00f6s machen wollten, beschr\u00e4nkten wir uns auf 40 Minuten &#8211; nicht zuletzt, um den Start der Inline-Skater und somit von Fige zu sehen.<\/p>\n<p>Anschliessend versuchten auch wir, uns in unsere Startbl\u00f6cke zu begeben. In Berlin wird stets sehr genau darauf geachtet, dass im richtigen Startblock eingestanden wird &#8211; was ich \u00fcberaus begr\u00fcsse. Jedoch kamen in diesem Jahr zus\u00e4tzliche Sicherheitsschleusen hinzu, welche sich im hinteren Drittel des Startbereichs befanden. Somit musste ich mich anschliessend ganz nach vorne k\u00e4mpfen, so dass die Zeit doch noch relativ knapp wurde.<\/p>\n<p>Um 10:05 Uhr erfolgte der Startsschuss und das Feld setzte sich langsam in Bewegung. Wie bereits vor zwei Jahren konnte ich ab Startlinie sofort meine Pace laufen, welche sich bei 3:50 min\/km einpendelte. Der Trainingsplan sah vor, den Halbmarathon unter 1:25 h zu laufen. Insgeheim hoffte ich, meine Bestzeit von 1:22:33 h anzugreifen. Jedoch war ich mir des reduzierten Trainingsstandes bewusst und versuchte, m\u00f6glichst gleichm\u00e4ssig und trotzdem im Bereich der Bestzeit anzulaufen.<\/p>\n<p>Ich f\u00fchlte mich gut und auch die Bedingungen waren schlicht perfekt. Unter dem Brandenburger Tor durch, an der Siegess\u00e4ule vorbei und schon fast war die Charlottenburg erreicht. Nach einer engen Rechtskurve folgte schon bald die 10-km-Marke, die ich in 39:14 min passierte und somit gut im Zeitplan war. Ich trank regelm\u00e4ssig einen Becher Wasser, um mich angesichts der Sonneneinstrahlung hydriert zu halten.<\/p>\n<p>Bei Halbzeit fand ich zwei L\u00e4ufer, die sehr konstant mein Tempo liefen, w\u00e4hrend ein Grossteil bereits M\u00fche hatte, die Pace zu halten. So \u00fcberholten wir im Dreierteam st\u00e4ndig und hielten das Tempo. Bald musste einer der beiden abreissen lassen und ich \u00fcbernahm die F\u00fchrung. Doch bei Kilometer 16 zog auch ich eine kurzzeitige Schw\u00e4chephase ein, was sich jedoch nicht allzu stark auf das Tempo auswirkte. Es erforderte jedoch einiges an mentaler \u00dcberwindung, nicht zu verlangsamen.<\/p>\n<p>Endlich tauchte Checkpoint Charlie auf &#8211; von der letzten Teilnahme wusste ich, dass es nun nicht mehr weit war. Ich mobilisierte die letzten Reserven, welche jedoch keine grosse Tempoversch\u00e4rfung mehr zuliessen. Und so lief ich mehr oder weniger konstant bis ins Ziel am Alexanderplatz, wobei kurz vor Zieleinlauf die Nicht-L\u00e4ufer aus unserer Gruppe (sowie der bereits geduschte Fige) mich lautstark \u00fcber die Ziellinie jubelten. Im Gegensatz zu letztem Mal ging das Ern\u00e4hrungskonzept voll auf und ich musste unterwegs nie ein Toitoi aufsuchen. \ud83d\ude42<\/p>\n<p>Schlussendlich lief ich in <a title=\"Resultat Berliner Halbmarathon\" href=\"http:\/\/results.berliner-halbmarathon.de\/2014\/?content=detail&amp;fpid=search&amp;pid=search&amp;idp=99999905C9AF36000031A3CF&amp;lang=DE&amp;event=HML\" target=\"_blank\">1:22:55<\/a> durchs Ziel, was den 60. Platz in meiner Kategorie (und 285. gesamt) bedeutete. Damit bin ich zufrieden und gespannt auf den Marathon in drei Wochen.<\/p>\n","protected":false},"excerpt":{"rendered":"<p>Bereits vor zwei Jahren nutzte ich den Berliner Halbmarathon zur Vorbereitung auf einen Fr\u00fchjahrsmarathon. War es dazumal der Z\u00fcrich Marathon, so wird es dieses Jahr Ende April derjenige in Belgrad sein. W\u00e4hrend vor zwei Jahren lediglich Silja und ich den &hellip; <a href=\"https:\/\/www.oli.li\/blog\/2014\/04\/05\/berliner-halbmarathon-2\/\">Continue reading <span class=\"meta-nav\">&rarr;<\/span><\/a><\/p>\n","protected":false},"author":1,"featured_media":0,"comment_status":"open","ping_status":"open","sticky":false,"template":"","format":"standard","meta":{"ngg_post_thumbnail":0,"footnotes":""},"categories":[8],"tags":[],"class_list":["post-706","post","type-post","status-publish","format-standard","hentry","category-sport"],"_links":{"self":[{"href":"https:\/\/www.oli.li\/blog\/wp-json\/wp\/v2\/posts\/706","targetHints":{"allow":["GET"]}}],"collection":[{"href":"https:\/\/www.oli.li\/blog\/wp-json\/wp\/v2\/posts"}],"about":[{"href":"https:\/\/www.oli.li\/blog\/wp-json\/wp\/v2\/types\/post"}],"author":[{"embeddable":true,"href":"https:\/\/www.oli.li\/blog\/wp-json\/wp\/v2\/users\/1"}],"replies":[{"embeddable":true,"href":"https:\/\/www.oli.li\/blog\/wp-json\/wp\/v2\/comments?post=706"}],"version-history":[{"count":7,"href":"https:\/\/www.oli.li\/blog\/wp-json\/wp\/v2\/posts\/706\/revisions"}],"predecessor-version":[{"id":713,"href":"https:\/\/www.oli.li\/blog\/wp-json\/wp\/v2\/posts\/706\/revisions\/713"}],"wp:attachment":[{"href":"https:\/\/www.oli.li\/blog\/wp-json\/wp\/v2\/media?parent=706"}],"wp:term":[{"taxonomy":"category","embeddable":true,"href":"https:\/\/www.oli.li\/blog\/wp-json\/wp\/v2\/categories?post=706"},{"taxonomy":"post_tag","embeddable":true,"href":"https:\/\/www.oli.li\/blog\/wp-json\/wp\/v2\/tags?post=706"}],"curies":[{"name":"wp","href":"https:\/\/api.w.org\/{rel}","templated":true}]}}