{"id":744,"date":"2014-05-31T20:54:45","date_gmt":"2014-05-31T19:54:45","guid":{"rendered":"http:\/\/www.oli.li\/blog\/?p=744"},"modified":"2014-05-31T20:54:45","modified_gmt":"2014-05-31T19:54:45","slug":"uberschwemmungen","status":"publish","type":"post","link":"https:\/\/www.oli.li\/blog\/2014\/05\/31\/uberschwemmungen\/","title":{"rendered":"\u00dcberschwemmungen"},"content":{"rendered":"<p>Nun ist es beinahe zwei Wochen her, als grosse Teile des Balkans von \u00dcberschwemmungen noch nie dagewesenen Ausmasses heimgesucht wurden. Die Folgen sind nat\u00fcrlich noch lange nicht ausgestanden. Viel mehr kommt die wahre Verw\u00fcstung mit dem R\u00fcckgang des Wassers erst zum Vorschein.<\/p>\n<p>F\u00fcr mich in Belgrad schien es fast surreal, dass man in der Hauptstadt praktisch nichts davon mitbekam. Nat\u00fcrlich waren sowohl Save wie auch Donau &#8220;gestrichen voll&#8221; und eine grosse Solidarit\u00e4tswelle rollte an und erfasste einen Grossteil der Bev\u00f6lkerung. Jedoch schien das Leben in Belgrad normal weiterzugehen.<\/p>\n<p>Neben den schrecklichen Fernsehbildern und einigen Erz\u00e4hlungen sah ich w\u00e4hrend meinen Joggingrunden jedoch auch die aufgeschichteten Sands\u00e4cke und die verh\u00e4ltnism\u00e4ssig kleinen \u00dcberschwemmungen in Belgrad.<\/p>\n<p>In den letzten drei Tagen ist der Wasserpegel nun merklich gesunken. W\u00e4hrend am Donnerstag der untere Teil der Quais noch vollst\u00e4ndig im Wasser war, waren sie gestern bereits langsam sichtbar und heute zu weiten Teilen begehbar &#8211; auch wenn teilweise noch sehr feucht.<\/p>\n<p>Die &#8220;Gefahr&#8221; bei solchen Naturkatastrophen ist jeweils, dass zu Beginn eine grosse Betroffenheit herrscht und dementsprechend fleissig gespendet wird. Jedoch werden die Ereignisse meistens ziemlich schnell vergessen und bei den Wiederaufbauarbeiten werden die Leute alleine gelassen. Diese Gefahr sehe ich durchaus auch in Serbien (und den restlichen betroffenen L\u00e4ndern) gegeben, da die Infrastruktur stark in Mitleidenschaft gezogen wurde und es an allen Ecken und Enden an Geld sowie Organisation fehlt. Dies war auch bereits in der ersten Phase ein grosses Problem, als sich sehr viele freiwillige Helfer gemeldet hatten, jedoch nicht koordiniert werden konnten und somit gar nicht zum Einsatz kamen.<\/p>\n<p>Von unseren Mitarbeitern und deren Familien ist gl\u00fccklicherweise niemand direkt betroffen. Trotzdem stimmt es einen nachdenklich, wenn man beispielsweise die Bilder aus Obrenovac sieht, welches knapp 30 Kilometer von Belgrads Stadtzentrum entfernt liegt und ein direkter Vorort der Hauptstadt ist.<\/p>\n<p>Trotz aller Skepsis hoffe ich, dass es der neuen Regierung gelingt, die staatliche Hilfe sowie die eingegangenen Spenden so zu koordinieren, dass sich Serbien rasch erholt. Denn es warten auch ohne diese Naturkatastrophe noch gen\u00fcgend Herausforderungen hier auf dem Balkan&#8230;<\/p>\n","protected":false},"excerpt":{"rendered":"<p>Nun ist es beinahe zwei Wochen her, als grosse Teile des Balkans von \u00dcberschwemmungen noch nie dagewesenen Ausmasses heimgesucht wurden. Die Folgen sind nat\u00fcrlich noch lange nicht ausgestanden. Viel mehr kommt die wahre Verw\u00fcstung mit dem R\u00fcckgang des Wassers erst &hellip; <a href=\"https:\/\/www.oli.li\/blog\/2014\/05\/31\/uberschwemmungen\/\">Continue reading <span class=\"meta-nav\">&rarr;<\/span><\/a><\/p>\n","protected":false},"author":1,"featured_media":0,"comment_status":"open","ping_status":"open","sticky":false,"template":"","format":"standard","meta":{"ngg_post_thumbnail":0,"footnotes":""},"categories":[15],"tags":[],"class_list":["post-744","post","type-post","status-publish","format-standard","hentry","category-belgrad"],"_links":{"self":[{"href":"https:\/\/www.oli.li\/blog\/wp-json\/wp\/v2\/posts\/744","targetHints":{"allow":["GET"]}}],"collection":[{"href":"https:\/\/www.oli.li\/blog\/wp-json\/wp\/v2\/posts"}],"about":[{"href":"https:\/\/www.oli.li\/blog\/wp-json\/wp\/v2\/types\/post"}],"author":[{"embeddable":true,"href":"https:\/\/www.oli.li\/blog\/wp-json\/wp\/v2\/users\/1"}],"replies":[{"embeddable":true,"href":"https:\/\/www.oli.li\/blog\/wp-json\/wp\/v2\/comments?post=744"}],"version-history":[{"count":5,"href":"https:\/\/www.oli.li\/blog\/wp-json\/wp\/v2\/posts\/744\/revisions"}],"predecessor-version":[{"id":749,"href":"https:\/\/www.oli.li\/blog\/wp-json\/wp\/v2\/posts\/744\/revisions\/749"}],"wp:attachment":[{"href":"https:\/\/www.oli.li\/blog\/wp-json\/wp\/v2\/media?parent=744"}],"wp:term":[{"taxonomy":"category","embeddable":true,"href":"https:\/\/www.oli.li\/blog\/wp-json\/wp\/v2\/categories?post=744"},{"taxonomy":"post_tag","embeddable":true,"href":"https:\/\/www.oli.li\/blog\/wp-json\/wp\/v2\/tags?post=744"}],"curies":[{"name":"wp","href":"https:\/\/api.w.org\/{rel}","templated":true}]}}