{"id":809,"date":"2014-09-28T13:36:00","date_gmt":"2014-09-28T12:36:00","guid":{"rendered":"http:\/\/www.oli.li\/blog\/?p=809"},"modified":"2014-09-28T13:36:00","modified_gmt":"2014-09-28T12:36:00","slug":"belgrade-pride-2014","status":"publish","type":"post","link":"https:\/\/www.oli.li\/blog\/2014\/09\/28\/belgrade-pride-2014\/","title":{"rendered":"Belgrade Pride 2014"},"content":{"rendered":"<p>Als ich heute Morgen meine Wohnung f\u00fcr den Einkauf verliess, glich die Stadt einem Kriegsgebiet: Die komplette Innenstadt (bis zu meiner Strasse) ist\u00a0abgeriegelt, an jeder Ecke stehen\u00a0Polizisten und ein Helikopter kreist ununterbrochen \u00fcber der Stadt. Krieg? Mitnichten. Lediglich Belgrade Pride Parade, welche einige hundert Meter von meiner Wohnung startet.<\/p>\n<p>Nachdem die letzte Parade 2010 in \u00fcblen Ausschreitungen und mit mehr als 150 Verletzten endete, ist heuer ein massives Sicherheitsaufgebot pr\u00e4sent. Nachdem gestern mehrere Gegendemonstrationen stattfanden und die Regierung bis in die letzten Minuten vor dem geplanten Start die Entscheidung zur Bewilligung hinausz\u00f6gerte, war die Durchf\u00fchrung alles andere als klar. Doch nun sch\u00fctzen 7&#8217;000 Sicherheitskr\u00e4fte die Teilnehmer, unter ihnen auch der B\u00fcrgermeister von Belgrad.<\/p>\n<p>&#8220;Der Fortschritt einer Gesellschaft misst sich an deren Toleranz\u00a0gegen\u00fcber Minderheiten.&#8221; In diesem Sinne w\u00fcnsche ich mir, dass auch in Serbien die Rechte von Minderheiten breiter akzeptiert werden &#8211; vor allem im Hinblick auf eine Ann\u00e4herung an Westeuropa und die EU. Im Gegenzug habe ich die Serben als so freundliches und herzliches Volk kennen gelernt, dass ich mir fast nicht vorstellen kann, wie sie sich von einer solchen Minderheit in ihrem Gesellschaftsverst\u00e4ndnis bedroht f\u00fchlen k\u00f6nnen. Aber es gibt nach wie vor starke nationalistische und auch religi\u00f6se Tendenzen, denen s\u00e4mtliche Beziehungsformen ausserhalb des &#8220;normalen&#8221; Familienverst\u00e4ndnisses zuwider sind.<\/p>\n<p>Die Parade ist ohne gr\u00f6ssere Zwischenf\u00e4lle zu Ende gegangen. Es gab zahlreiche Verhaftungen, aber bisher keine Verletzten. Dies ist sehr erfreulich. Jedoch ist man noch weit von Normalit\u00e4t entfernt, wenn es 7&#8217;000 Sicherheitskr\u00e4fte mit Panzerwagen und Helikopter ben\u00f6tigt, um einen solchen Event zu erm\u00f6glichen.<\/p>\n","protected":false},"excerpt":{"rendered":"<p>Als ich heute Morgen meine Wohnung f\u00fcr den Einkauf verliess, glich die Stadt einem Kriegsgebiet: Die komplette Innenstadt (bis zu meiner Strasse) ist\u00a0abgeriegelt, an jeder Ecke stehen\u00a0Polizisten und ein Helikopter kreist ununterbrochen \u00fcber der Stadt. Krieg? Mitnichten. Lediglich Belgrade Pride &hellip; <a href=\"https:\/\/www.oli.li\/blog\/2014\/09\/28\/belgrade-pride-2014\/\">Continue reading <span class=\"meta-nav\">&rarr;<\/span><\/a><\/p>\n","protected":false},"author":1,"featured_media":0,"comment_status":"open","ping_status":"open","sticky":false,"template":"","format":"standard","meta":{"ngg_post_thumbnail":0,"footnotes":""},"categories":[15],"tags":[],"class_list":["post-809","post","type-post","status-publish","format-standard","hentry","category-belgrad"],"_links":{"self":[{"href":"https:\/\/www.oli.li\/blog\/wp-json\/wp\/v2\/posts\/809","targetHints":{"allow":["GET"]}}],"collection":[{"href":"https:\/\/www.oli.li\/blog\/wp-json\/wp\/v2\/posts"}],"about":[{"href":"https:\/\/www.oli.li\/blog\/wp-json\/wp\/v2\/types\/post"}],"author":[{"embeddable":true,"href":"https:\/\/www.oli.li\/blog\/wp-json\/wp\/v2\/users\/1"}],"replies":[{"embeddable":true,"href":"https:\/\/www.oli.li\/blog\/wp-json\/wp\/v2\/comments?post=809"}],"version-history":[{"count":8,"href":"https:\/\/www.oli.li\/blog\/wp-json\/wp\/v2\/posts\/809\/revisions"}],"predecessor-version":[{"id":817,"href":"https:\/\/www.oli.li\/blog\/wp-json\/wp\/v2\/posts\/809\/revisions\/817"}],"wp:attachment":[{"href":"https:\/\/www.oli.li\/blog\/wp-json\/wp\/v2\/media?parent=809"}],"wp:term":[{"taxonomy":"category","embeddable":true,"href":"https:\/\/www.oli.li\/blog\/wp-json\/wp\/v2\/categories?post=809"},{"taxonomy":"post_tag","embeddable":true,"href":"https:\/\/www.oli.li\/blog\/wp-json\/wp\/v2\/tags?post=809"}],"curies":[{"name":"wp","href":"https:\/\/api.w.org\/{rel}","templated":true}]}}