{"id":867,"date":"2015-04-18T20:42:34","date_gmt":"2015-04-18T19:42:34","guid":{"rendered":"http:\/\/www.oli.li\/blog\/?p=867"},"modified":"2015-04-20T22:48:24","modified_gmt":"2015-04-20T21:48:24","slug":"belgrad-halbmarathon","status":"publish","type":"post","link":"https:\/\/www.oli.li\/blog\/2015\/04\/18\/belgrad-halbmarathon\/","title":{"rendered":"Belgrad Halbmarathon"},"content":{"rendered":"<p>Nachdem ich <a title=\"Belgrad Marathon\" href=\"http:\/\/www.oli.li\/blog\/2014\/04\/27\/belgrad-marathon\/\">letztes Jahr<\/a> hier in Belgrad noch \u00fcber die volle Distanz gelaufen bin, entschied ich mich heuer, nur \u00fcber die Halbmarathon-Distanz zu starten. Dies aus dem Grund, da die letzten Wochen und Monate beruflich extrem intensiv waren und das Training dadurch gelitten hatte. Und einfach ins Ziel kommen kommt bei mir beim Marathon nicht mehr infrage.<\/p>\n<p>F\u00fcr einen halbwegs anst\u00e4ndigen Halbmarathon sollte der Trainingsstand reichen. Eine pers\u00f6nliche Bestzeit schloss ich aber auch aufgrund der Strecke von vornherein aus. Eine Zeit deutlich unter 1:30 Stunden war das Prim\u00e4rziel, eine Pace von 4:00 min\/km ein Wunsch.<\/p>\n<p>W\u00e4hrend in der vergangenen Woche der Sommer in Belgrad Einzug hielt mit heiter Sonnenschein und am Freitag 27 \u00b0C, war auf Samstag Regen mit einem einhergehenden Temperatursturz auf 14 \u00b0C angesagt. Nicht optimale Bedingungen also. Als ich am Morgen aus dem Fenster schaute, regnete es jedoch lediglich leicht. Mit Shorts und kurzem Shirt machte ich mich kurz vor 9:30 Uhr auf den Weg zum Startgel\u00e4nde.<\/p>\n<p>Im Startblock intensivierte sich der Regen nochmals, so dass ich bereits vor dem Startschuss ordentlich durchn\u00e4sst war. Mit zwei Minuten Versp\u00e4tung wurden wir um 10:02 Uhr zusammen mit den Marathonl\u00e4ufern sowie der Halbmarathon-Staffel auf den Weg geschickt. Ich versuchte, schnellstm\u00f6glich den Rhythmus um 4:00 min\/km zu finden, war zu Beginn jedoch leicht schneller unterwegs.<\/p>\n<p>Obwohl die F\u00fcsse bereits gut durchn\u00e4sst waren, versuchte ich, den grossen Pf\u00fctzen auszuweichen, was die Rhythmusfindung zus\u00e4tzlich erschwerte. Das erste Viertel der Stecke beinhaltete einiges Gef\u00e4lle, so dass die Pace deutlich schneller war. Anschliessend wechselte die Strecke \u00fcber die Save nach Neu Belgrad, wobei der Aufgang auf die Br\u00fccke eine erste Steigung darstellte.<\/p>\n<p>Kurz vor Kilometer 10 k\u00e4mpfte ich mit Seitenstechen und verlor dadurch ein wenig Tempo. Unmittelbar darauf trennten sich die Strecken von Marathon und Halbmarathon und wir wurden auf die engere Schleife geschickt. Ich \u00fcberwand mein tempor\u00e4res Tief und konnte auf den nachfolgenden Kilometern gut Tempo machen. Teilweise blies wieder ein sehr heftiger Wind, der als Gegenwind einiges abverlangte und Windschatten-Laufen attraktiv machte. Leider war ich heuer mehr Schattenspender als -nutzer.<\/p>\n<p>Bei Kilometer 15 war ich froh, dass ich f\u00fcr die n\u00e4chsten f\u00fcnf Kilometer mit einem Konkurrenten laufen konnten. So zogen wir uns gegenseitig und hielten die Pace hoch. Beim Zusammenschluss mit der Marathonstrecke trafen wir dabei gerade auf die f\u00fchrende Afrikanergruppe, die sich anschliessend beim U\u0161\u0107e-Shoppingcenter auf die zweite Runde machte, w\u00e4hrend wir auf der Brankov-Br\u00fccke die Save zum zweiten Mal \u00fcberquerten.<\/p>\n<p>Hier wurde es ziemlich hart. Auch im Wissen, dass nun noch ein paar giftige Steigungen bis ins Ziel folgten. Ich musste leider meinen Konkurrenten abreissen lassen und mich auf Schadensbegrenzung konzentrieren. In der Tat konnte ich jedoch noch einige Positionen gut machen und wurde nicht mehr \u00fcberholt. Auch nicht im Schlussanstieg und anschliessend auf der langgezogenen Zielgerade.<\/p>\n<p><a href=\"http:\/\/www.oli.li\/blog\/wp-content\/uploads\/2015\/04\/11109702_956519557711672_7251986545336016179_o.jpg\"><img loading=\"lazy\" decoding=\"async\" class=\"alignnone size-large wp-image-873\" src=\"http:\/\/www.oli.li\/blog\/wp-content\/uploads\/2015\/04\/11109702_956519557711672_7251986545336016179_o-1024x683.jpg\" alt=\"11109702_956519557711672_7251986545336016179_o\" width=\"640\" height=\"427\" srcset=\"https:\/\/www.oli.li\/blog\/wp-content\/uploads\/2015\/04\/11109702_956519557711672_7251986545336016179_o-1024x683.jpg 1024w, https:\/\/www.oli.li\/blog\/wp-content\/uploads\/2015\/04\/11109702_956519557711672_7251986545336016179_o-300x200.jpg 300w, https:\/\/www.oli.li\/blog\/wp-content\/uploads\/2015\/04\/11109702_956519557711672_7251986545336016179_o-900x600.jpg 900w, https:\/\/www.oli.li\/blog\/wp-content\/uploads\/2015\/04\/11109702_956519557711672_7251986545336016179_o.jpg 1600w\" sizes=\"auto, (max-width: 640px) 100vw, 640px\" \/><\/a><\/p>\n<p>Mit brennenden Oberschenkeln kam ich in offiziellen <a title=\"Resultat Halbmarathon (PDF)\" href=\"http:\/\/bgdmarathon.org\/Uploads\/Rezultati\/half_marathon_gender.pdf\" target=\"_blank\">01:27:02<\/a> ins Ziel. Wobei ich handgestoppt 10 Sekunden schneller war und somit unter 1:27 Stunden blieb. Anscheinend hatte die Nettozeitmessung nicht wirklich funktionert und von Beginn weg gez\u00e4hlt. So oder so war es keine Glanzleistung, aber den Umst\u00e4nden entsprechend in Ordnung. Ich erreichte den 59. Rang von\u00a02582 klassierten M\u00e4nnern.<\/p>\n","protected":false},"excerpt":{"rendered":"<p>Nachdem ich letztes Jahr hier in Belgrad noch \u00fcber die volle Distanz gelaufen bin, entschied ich mich heuer, nur \u00fcber die Halbmarathon-Distanz zu starten. Dies aus dem Grund, da die letzten Wochen und Monate beruflich extrem intensiv waren und das &hellip; <a href=\"https:\/\/www.oli.li\/blog\/2015\/04\/18\/belgrad-halbmarathon\/\">Continue reading <span class=\"meta-nav\">&rarr;<\/span><\/a><\/p>\n","protected":false},"author":1,"featured_media":0,"comment_status":"open","ping_status":"open","sticky":false,"template":"","format":"standard","meta":{"ngg_post_thumbnail":0,"footnotes":""},"categories":[15,8],"tags":[],"class_list":["post-867","post","type-post","status-publish","format-standard","hentry","category-belgrad","category-sport"],"_links":{"self":[{"href":"https:\/\/www.oli.li\/blog\/wp-json\/wp\/v2\/posts\/867","targetHints":{"allow":["GET"]}}],"collection":[{"href":"https:\/\/www.oli.li\/blog\/wp-json\/wp\/v2\/posts"}],"about":[{"href":"https:\/\/www.oli.li\/blog\/wp-json\/wp\/v2\/types\/post"}],"author":[{"embeddable":true,"href":"https:\/\/www.oli.li\/blog\/wp-json\/wp\/v2\/users\/1"}],"replies":[{"embeddable":true,"href":"https:\/\/www.oli.li\/blog\/wp-json\/wp\/v2\/comments?post=867"}],"version-history":[{"count":6,"href":"https:\/\/www.oli.li\/blog\/wp-json\/wp\/v2\/posts\/867\/revisions"}],"predecessor-version":[{"id":874,"href":"https:\/\/www.oli.li\/blog\/wp-json\/wp\/v2\/posts\/867\/revisions\/874"}],"wp:attachment":[{"href":"https:\/\/www.oli.li\/blog\/wp-json\/wp\/v2\/media?parent=867"}],"wp:term":[{"taxonomy":"category","embeddable":true,"href":"https:\/\/www.oli.li\/blog\/wp-json\/wp\/v2\/categories?post=867"},{"taxonomy":"post_tag","embeddable":true,"href":"https:\/\/www.oli.li\/blog\/wp-json\/wp\/v2\/tags?post=867"}],"curies":[{"name":"wp","href":"https:\/\/api.w.org\/{rel}","templated":true}]}}